{"id":108,"date":"2011-12-26T11:40:46","date_gmt":"2011-12-26T10:40:46","guid":{"rendered":"http:\/\/www.rettet-den-sozialstaat.de\/archives\/108"},"modified":"2011-12-26T11:40:46","modified_gmt":"2011-12-26T10:40:46","slug":"kein-streusalz-fur-die-burger","status":"publish","type":"post","link":"http:\/\/www.rettet-den-sozialstaat.de\/?p=108","title":{"rendered":"Kein Streusalz f\u00fcr die B\u00fcrger"},"content":{"rendered":"\n<!-- Facebook Like Button v1.9.6 BEGIN [http:\/\/blog.bottomlessinc.com] -->\n<iframe src=\"http:\/\/www.facebook.com\/plugins\/like.php?href=http%3A%2F%2Fwww.rettet-den-sozialstaat.de%2F%3Fp%3D108&amp;layout=standard&amp;show_faces=false&amp;width=450&amp;action=like&amp;colorscheme=light\" scrolling=\"no\" frameborder=\"0\" allowTransparency=\"true\" style=\"border:none; overflow:hidden; width:450px; height: 30px; align: left; margin: 2px 0px 2px 0px\"><\/iframe>\n<!-- Facebook Like Button END -->\n<p>*Unm\u00f6gliche Entscheidung &#8211; Kein kostenloses Streusalz f\u00fcr die<br \/>\nB\u00fcrgerinnen und B\u00fcrger &#8211; Entscheidung r\u00fcckg\u00e4ngig machen !<\/p>\n<p>Kein kostenloses Streusalz mehr in diesem Jahr f\u00fcr die B\u00fcrgerinnen und<br \/>\nB\u00fcrger und dies ohne Vorwarnung und Information \u2013 dies ist ein<br \/>\nunm\u00f6gliches Verhalten der Verwaltung so der Sprecher des Arbeits- und<br \/>\nGespr\u00e4chskreis &#8220; Rettet den Sozialstaat &#8220; und Mundenheimer SPD \u2013<br \/>\nStadtrat Holger Scharff.<\/p>\n<p>Diese Entscheidung der daf\u00fcr Verantwortlichen sollte noch im alten Jahr<br \/>\nzur\u00fcck genommen werden, da dieses den B\u00fcrgerinnen und B\u00fcrgern nicht<br \/>\nvermittelbar ist, wenn man die geringen Kosten sieht die von der<br \/>\nVerwaltung daf\u00fcr angegeben werden.<\/p>\n<p>F\u00fcr die Stadt sind die Kosten gering, f\u00fcr jeden einzelnen B\u00fcrger k\u00f6nnen<br \/>\nSie aber sehr hoch sein, wenn man dabei an die Hartz IV Empf\u00e4nger denkt.<br \/>\nF\u00fcr die sind die Preise im Baumarkt zwischen vier und sechs Euro n\u00e4mlich<br \/>\nein Mittagessen und oft noch mehr so Scharff.<\/p>\n<p>Scharff weiter: \u201eStreusalz ist im Regelsatz f\u00fcr diese Menschen nicht<br \/>\neingerechnet\u201c.<\/p>\n<p>Wer will, dass die Menschen zu ihrer Stadt stehen und Entscheidungen<br \/>\nihrer Verwaltung in wichtigen Fragen auch verteidigen und einsehen, darf<br \/>\nihnen bei solchen kleinen Dingen nicht so vor den Kopf sto\u00dfen erkl\u00e4rte<br \/>\nScharff abschlie\u00dfend.<\/p>\n<p>*<\/p>\n\n<!-- Facebook Like Button v1.9.6 BEGIN [http:\/\/blog.bottomlessinc.com] -->\n<iframe src=\"http:\/\/www.facebook.com\/plugins\/like.php?href=http%3A%2F%2Fwww.rettet-den-sozialstaat.de%2F%3Fp%3D108&amp;layout=standard&amp;show_faces=false&amp;width=450&amp;action=like&amp;colorscheme=light\" scrolling=\"no\" frameborder=\"0\" allowTransparency=\"true\" style=\"border:none; overflow:hidden; width:450px; height: 30px; align: left; margin: 2px 0px 2px 0px\"><\/iframe>\n<!-- Facebook Like Button END -->\n","protected":false},"excerpt":{"rendered":"<p>*Unm\u00f6gliche Entscheidung &#8211; Kein kostenloses Streusalz f\u00fcr die B\u00fcrgerinnen und B\u00fcrger &#8211; Entscheidung r\u00fcckg\u00e4ngig machen ! Kein kostenloses Streusalz mehr in diesem Jahr f\u00fcr die B\u00fcrgerinnen und B\u00fcrger und dies ohne Vorwarnung und Information \u2013 dies ist ein unm\u00f6gliches Verhalten &hellip; <a href=\"http:\/\/www.rettet-den-sozialstaat.de\/?p=108\">Weiterlesen <span class=\"meta-nav\">&rarr;<\/span><\/a><\/p>\n","protected":false},"author":2,"featured_media":0,"comment_status":"open","ping_status":"open","sticky":false,"template":"","format":"standard","meta":{"footnotes":""},"categories":[1],"tags":[],"class_list":["post-108","post","type-post","status-publish","format-standard","hentry","category-allgemein"],"_links":{"self":[{"href":"http:\/\/www.rettet-den-sozialstaat.de\/index.php?rest_route=\/wp\/v2\/posts\/108","targetHints":{"allow":["GET"]}}],"collection":[{"href":"http:\/\/www.rettet-den-sozialstaat.de\/index.php?rest_route=\/wp\/v2\/posts"}],"about":[{"href":"http:\/\/www.rettet-den-sozialstaat.de\/index.php?rest_route=\/wp\/v2\/types\/post"}],"author":[{"embeddable":true,"href":"http:\/\/www.rettet-den-sozialstaat.de\/index.php?rest_route=\/wp\/v2\/users\/2"}],"replies":[{"embeddable":true,"href":"http:\/\/www.rettet-den-sozialstaat.de\/index.php?rest_route=%2Fwp%2Fv2%2Fcomments&post=108"}],"version-history":[{"count":0,"href":"http:\/\/www.rettet-den-sozialstaat.de\/index.php?rest_route=\/wp\/v2\/posts\/108\/revisions"}],"wp:attachment":[{"href":"http:\/\/www.rettet-den-sozialstaat.de\/index.php?rest_route=%2Fwp%2Fv2%2Fmedia&parent=108"}],"wp:term":[{"taxonomy":"category","embeddable":true,"href":"http:\/\/www.rettet-den-sozialstaat.de\/index.php?rest_route=%2Fwp%2Fv2%2Fcategories&post=108"},{"taxonomy":"post_tag","embeddable":true,"href":"http:\/\/www.rettet-den-sozialstaat.de\/index.php?rest_route=%2Fwp%2Fv2%2Ftags&post=108"}],"curies":[{"name":"wp","href":"https:\/\/api.w.org\/{rel}","templated":true}]}}