{"id":112,"date":"2012-01-11T13:58:38","date_gmt":"2012-01-11T12:58:38","guid":{"rendered":"http:\/\/www.rettet-den-sozialstaat.de\/archives\/112"},"modified":"2012-01-11T13:58:38","modified_gmt":"2012-01-11T12:58:38","slug":"awo-neujahrsempfang-2012","status":"publish","type":"post","link":"http:\/\/www.rettet-den-sozialstaat.de\/?p=112","title":{"rendered":"AWO Neujahrsempfang 2012"},"content":{"rendered":"\n<!-- Facebook Like Button v1.9.6 BEGIN [http:\/\/blog.bottomlessinc.com] -->\n<iframe src=\"http:\/\/www.facebook.com\/plugins\/like.php?href=http%3A%2F%2Fwww.rettet-den-sozialstaat.de%2F%3Fp%3D112&amp;layout=standard&amp;show_faces=false&amp;width=450&amp;action=like&amp;colorscheme=light\" scrolling=\"no\" frameborder=\"0\" allowTransparency=\"true\" style=\"border:none; overflow:hidden; width:450px; height: 30px; align: left; margin: 2px 0px 2px 0px\"><\/iframe>\n<!-- Facebook Like Button END -->\n<p>AWO Ludwigshafen:<br \/>\nNeujahrsempfang der Arbeiterwohlfahrt Stadtkreisverband Ludwigshafen im<br \/>\nRuchheimer Schloss<\/p>\n<p>In diesem Jahr fand zum 4.mal der Neujahrsempfang der AWO<br \/>\nStadtkreisverband Ludwigshafen statt. In diesem Jahr trafen sich rund 50<br \/>\nMitglieder des Stadtkreisverbandes  im Ruchheimer Schloss.<\/p>\n<p>Auch in diesem Jahr konnte Stadtkreisvorsitzender Holger Scharff<br \/>\nzahlreiche politische G\u00e4ste und Verbandsfreunde begr\u00fc\u00dfen. Unter den<br \/>\nG\u00e4sten waren der stv. Fraktionsvorsitzende der SPD im Landtag RLP<br \/>\nG\u00fcnther Ramsauer, die Fraktionsvorsitzende der SPD Stadtratsfraktion und<br \/>\nRuchheimer Ortsvorsteherin Heike Scharfenb\u00fcrger. B\u00fcrgermeister Wolfgang<br \/>\nvan Vliet hielt die Neujahrsrede. Weitere G\u00e4ste waren die stv.<br \/>\nFraktionsvorsitzende der SPD und AWO Kreisvorstandsmitglied Julia May,<br \/>\nBeigeordneter und K\u00e4mmerer Dieter Feid und der Verbandsgesch\u00e4ftsf\u00fchrer<br \/>\nder AWO Pfalz Hans-Werner Kienitz. Der AWO Betreuungsverein war<br \/>\nvertreten durch seinen Vorsitzenden Christoph Laumann und den<br \/>\nGesch\u00e4ftsf\u00fchrer Michael Batzler. Auch ehemalige Funktionstr\u00e4ger konnte<br \/>\nScharff begr\u00fc\u00dfen so den letzten B\u00fcrgermeister von Ruchheim Ernst<br \/>\nGutermann und den Sozialdezernenten im Ruhestand Fritz Heiser, alle<br \/>\nVorstandsmitglieder und Mitarbeiter\/Innen.<\/p>\n<p>Stadtkreisvorsitzender Holger Scharff dankte den aktiven AWO Mitgliedern<br \/>\nin den Ortsvereinen f\u00fcr die geleistete Arbeit. Er verband dies mit der<br \/>\nBitte, in den Aktivit\u00e4ten f\u00fcr die AWO nicht nachzulassen und diese auch<br \/>\n2012 fortzusetzen.<\/p>\n<p>B\u00fcrgermeister Wolfgang van Vliet dankte f\u00fcr die geleistete Arbeit und<br \/>\nmachte deutlich, dass die mahnenden Worte der Wohlfahrtsverb\u00e4nde wichtig<br \/>\nsind. Gerade die Gro\u00dfst\u00e4dte m\u00fcssen finanziell so ausgestattet werden und<br \/>\nsein, dass sie den sozialen Herausforderungen der Zukunft auch begegnen<br \/>\nk\u00f6nnen. Hier bat van Vliet auch die Wohlfahrtsverb\u00e4nde um Unterst\u00fctzung.<br \/>\nWolfgang van Vliet weiter, ein Wirtschaftssystem das nicht den Menschen<br \/>\ndient sondern sich bei den Menschen bedient geh\u00f6rt in Frage gestellt.<br \/>\nDies wurde durch die anwesenden G\u00e4sten mit starkem Beifall best\u00e4tigt.<br \/>\nEin Unternehmen handelt auch nicht klug, wenn es 1000 Mitarbeiter<br \/>\nentl\u00e4sst nur um 7 % anstatt 6 % Rendite zu erwirtschaften. Solche<br \/>\nEntscheidungen schaden mittelfristig dem eigenen Unternehmen. Wer keine<br \/>\nArbeit und dadurch keine und nur wenig Einnahmen hat kann auch keine<br \/>\nProdukte der Firmen kaufen.<\/p>\n<p>Stadtkreisvorsitzender Holger Scharff dankte  B\u00fcrgermeister Wolfgang<br \/>\nvan  Vliet f\u00fcr seine Worte und lud zum gemeinsamen Umtrunk und guten<br \/>\nGespr\u00e4chen ein.<\/p>\n\n<!-- Facebook Like Button v1.9.6 BEGIN [http:\/\/blog.bottomlessinc.com] -->\n<iframe src=\"http:\/\/www.facebook.com\/plugins\/like.php?href=http%3A%2F%2Fwww.rettet-den-sozialstaat.de%2F%3Fp%3D112&amp;layout=standard&amp;show_faces=false&amp;width=450&amp;action=like&amp;colorscheme=light\" scrolling=\"no\" frameborder=\"0\" allowTransparency=\"true\" style=\"border:none; overflow:hidden; width:450px; height: 30px; align: left; margin: 2px 0px 2px 0px\"><\/iframe>\n<!-- Facebook Like Button END -->\n","protected":false},"excerpt":{"rendered":"<p>AWO Ludwigshafen: Neujahrsempfang der Arbeiterwohlfahrt Stadtkreisverband Ludwigshafen im Ruchheimer Schloss In diesem Jahr fand zum 4.mal der Neujahrsempfang der AWO Stadtkreisverband Ludwigshafen statt. In diesem Jahr trafen sich rund 50 Mitglieder des Stadtkreisverbandes im Ruchheimer Schloss. Auch in diesem Jahr &hellip; <a href=\"http:\/\/www.rettet-den-sozialstaat.de\/?p=112\">Weiterlesen <span class=\"meta-nav\">&rarr;<\/span><\/a><\/p>\n","protected":false},"author":2,"featured_media":0,"comment_status":"open","ping_status":"open","sticky":false,"template":"","format":"standard","meta":{"footnotes":""},"categories":[1],"tags":[],"class_list":["post-112","post","type-post","status-publish","format-standard","hentry","category-allgemein"],"_links":{"self":[{"href":"http:\/\/www.rettet-den-sozialstaat.de\/index.php?rest_route=\/wp\/v2\/posts\/112","targetHints":{"allow":["GET"]}}],"collection":[{"href":"http:\/\/www.rettet-den-sozialstaat.de\/index.php?rest_route=\/wp\/v2\/posts"}],"about":[{"href":"http:\/\/www.rettet-den-sozialstaat.de\/index.php?rest_route=\/wp\/v2\/types\/post"}],"author":[{"embeddable":true,"href":"http:\/\/www.rettet-den-sozialstaat.de\/index.php?rest_route=\/wp\/v2\/users\/2"}],"replies":[{"embeddable":true,"href":"http:\/\/www.rettet-den-sozialstaat.de\/index.php?rest_route=%2Fwp%2Fv2%2Fcomments&post=112"}],"version-history":[{"count":0,"href":"http:\/\/www.rettet-den-sozialstaat.de\/index.php?rest_route=\/wp\/v2\/posts\/112\/revisions"}],"wp:attachment":[{"href":"http:\/\/www.rettet-den-sozialstaat.de\/index.php?rest_route=%2Fwp%2Fv2%2Fmedia&parent=112"}],"wp:term":[{"taxonomy":"category","embeddable":true,"href":"http:\/\/www.rettet-den-sozialstaat.de\/index.php?rest_route=%2Fwp%2Fv2%2Fcategories&post=112"},{"taxonomy":"post_tag","embeddable":true,"href":"http:\/\/www.rettet-den-sozialstaat.de\/index.php?rest_route=%2Fwp%2Fv2%2Ftags&post=112"}],"curies":[{"name":"wp","href":"https:\/\/api.w.org\/{rel}","templated":true}]}}