{"id":114,"date":"2012-01-26T15:21:18","date_gmt":"2012-01-26T14:21:18","guid":{"rendered":"http:\/\/www.rettet-den-sozialstaat.de\/archives\/114"},"modified":"2012-01-26T15:21:18","modified_gmt":"2012-01-26T14:21:18","slug":"kinderarmut","status":"publish","type":"post","link":"http:\/\/www.rettet-den-sozialstaat.de\/?p=114","title":{"rendered":"Kinderarmut"},"content":{"rendered":"\n<!-- Facebook Like Button v1.9.6 BEGIN [http:\/\/blog.bottomlessinc.com] -->\n<iframe src=\"http:\/\/www.facebook.com\/plugins\/like.php?href=http%3A%2F%2Fwww.rettet-den-sozialstaat.de%2F%3Fp%3D114&amp;layout=standard&amp;show_faces=false&amp;width=450&amp;action=like&amp;colorscheme=light\" scrolling=\"no\" frameborder=\"0\" allowTransparency=\"true\" style=\"border:none; overflow:hidden; width:450px; height: 30px; align: left; margin: 2px 0px 2px 0px\"><\/iframe>\n<!-- Facebook Like Button END -->\n<p>AWO Ludwigshafen:<br \/>\nScharff: \u201eSinkende Zahl der Kinder im Hartz IV-Bezug noch keine Trendwende\u201c<\/p>\n<p>&#8222;Die j\u00fcngst ver\u00f6ffentlichten Zahlen der Bundesagentur f\u00fcr Arbeit zum<br \/>\nGrundsicherungsbezug der unter 15-J\u00e4hrigen d\u00fcrfen nicht als eine<br \/>\nTrendumkehr verstanden werden&#8220;, warnt der AWO Stadtkreisvorsitzende<br \/>\nHolger Scharff.&#8220; Offensichtlich h\u00e4tten die Jobcenter in letzter Zeit<br \/>\nverst\u00e4rkt Druck gemacht, so dass alle Mitglieder einer<br \/>\nBedarfsgemeinschaft Jobs ann\u00e4hmen. \u201eAber damit sind die Familien noch<br \/>\nlange nicht aus der Armutsfalle heraus\u201c, so Scharff.<\/p>\n<p>Unklar bleibt auch, welche Rolle in diesem Zusammenhang den<br \/>\nfamilienpolitischen F\u00f6rderinstrumenten zukommt. H\u00e4ufig gelingt es<br \/>\nFamilien nur deshalb statistisch aus dem Grundsicherungsbezug heraus zu<br \/>\nfallen, weil sie zum Beispiel kinderzuschlagsberechtigt sind. \u201eMit dem<br \/>\nKinderzuschlag werden Familien gezielt aus dem Bezug von<br \/>\nSGB-II-Leistungen herausgeholt. Faktisch \u00e4ndert sich die Armutssituation<br \/>\nder Familien jedoch nicht gravierend\u201c, betont der AWO<br \/>\nStadtkreisvorsitzende. Einen dauerhaften Ausstieg aus der<br \/>\nLangzeitarbeitslosigkeit g\u00e4be es kaum und selbst wenn er gelingt,<br \/>\nk\u00f6nnten diese Personen h\u00e4ufig nur in gering qualifizierte und schlecht<br \/>\nbezahlte T\u00e4tigkeiten im Niedriglohnbereich vermittelt werden. So<br \/>\ngelangten viele Familien nur um wenige Euro \u00fcber die<br \/>\nGrundsicherungsschwelle.<\/p>\n<p>\u201eInsgesamt bleiben auch die aktuellen Zahlen weiter alarmierend\u201c,<br \/>\nunterstreicht AWO Stadtkreisvorsitzende Scharff. \u201eWenn bundesweit nach<br \/>\nwie vor jedes 7. Kind im Grundsicherungsbezug steht und in einigen<br \/>\nRegionen wie unserer Bundeshauptstadt sogar jedes 3. Kind, k\u00f6nnen wir<br \/>\nalso von keiner Trendwende sprechen, sondern m\u00fcssen der \u00dcberwindung von<br \/>\nKinderarmut nach wie vor einen hohen Stellenwert einr\u00e4umen.\u201c<\/p>\n\n<!-- Facebook Like Button v1.9.6 BEGIN [http:\/\/blog.bottomlessinc.com] -->\n<iframe src=\"http:\/\/www.facebook.com\/plugins\/like.php?href=http%3A%2F%2Fwww.rettet-den-sozialstaat.de%2F%3Fp%3D114&amp;layout=standard&amp;show_faces=false&amp;width=450&amp;action=like&amp;colorscheme=light\" scrolling=\"no\" frameborder=\"0\" allowTransparency=\"true\" style=\"border:none; overflow:hidden; width:450px; height: 30px; align: left; margin: 2px 0px 2px 0px\"><\/iframe>\n<!-- Facebook Like Button END -->\n","protected":false},"excerpt":{"rendered":"<p>AWO Ludwigshafen: Scharff: \u201eSinkende Zahl der Kinder im Hartz IV-Bezug noch keine Trendwende\u201c &#8222;Die j\u00fcngst ver\u00f6ffentlichten Zahlen der Bundesagentur f\u00fcr Arbeit zum Grundsicherungsbezug der unter 15-J\u00e4hrigen d\u00fcrfen nicht als eine Trendumkehr verstanden werden&#8220;, warnt der AWO Stadtkreisvorsitzende Holger Scharff.&#8220; Offensichtlich &hellip; <a href=\"http:\/\/www.rettet-den-sozialstaat.de\/?p=114\">Weiterlesen <span class=\"meta-nav\">&rarr;<\/span><\/a><\/p>\n","protected":false},"author":2,"featured_media":0,"comment_status":"open","ping_status":"open","sticky":false,"template":"","format":"standard","meta":{"footnotes":""},"categories":[1],"tags":[],"class_list":["post-114","post","type-post","status-publish","format-standard","hentry","category-allgemein"],"_links":{"self":[{"href":"http:\/\/www.rettet-den-sozialstaat.de\/index.php?rest_route=\/wp\/v2\/posts\/114","targetHints":{"allow":["GET"]}}],"collection":[{"href":"http:\/\/www.rettet-den-sozialstaat.de\/index.php?rest_route=\/wp\/v2\/posts"}],"about":[{"href":"http:\/\/www.rettet-den-sozialstaat.de\/index.php?rest_route=\/wp\/v2\/types\/post"}],"author":[{"embeddable":true,"href":"http:\/\/www.rettet-den-sozialstaat.de\/index.php?rest_route=\/wp\/v2\/users\/2"}],"replies":[{"embeddable":true,"href":"http:\/\/www.rettet-den-sozialstaat.de\/index.php?rest_route=%2Fwp%2Fv2%2Fcomments&post=114"}],"version-history":[{"count":0,"href":"http:\/\/www.rettet-den-sozialstaat.de\/index.php?rest_route=\/wp\/v2\/posts\/114\/revisions"}],"wp:attachment":[{"href":"http:\/\/www.rettet-den-sozialstaat.de\/index.php?rest_route=%2Fwp%2Fv2%2Fmedia&parent=114"}],"wp:term":[{"taxonomy":"category","embeddable":true,"href":"http:\/\/www.rettet-den-sozialstaat.de\/index.php?rest_route=%2Fwp%2Fv2%2Fcategories&post=114"},{"taxonomy":"post_tag","embeddable":true,"href":"http:\/\/www.rettet-den-sozialstaat.de\/index.php?rest_route=%2Fwp%2Fv2%2Ftags&post=114"}],"curies":[{"name":"wp","href":"https:\/\/api.w.org\/{rel}","templated":true}]}}