{"id":132,"date":"2012-06-24T14:47:47","date_gmt":"2012-06-24T12:47:47","guid":{"rendered":"http:\/\/www.rettet-den-sozialstaat.de\/archives\/132"},"modified":"2012-06-24T14:47:47","modified_gmt":"2012-06-24T12:47:47","slug":"bildungs-und-teilhabepaket","status":"publish","type":"post","link":"http:\/\/www.rettet-den-sozialstaat.de\/?p=132","title":{"rendered":"Bildungs- und Teilhabepaket"},"content":{"rendered":"\n<!-- Facebook Like Button v1.9.6 BEGIN [http:\/\/blog.bottomlessinc.com] -->\n<iframe src=\"http:\/\/www.facebook.com\/plugins\/like.php?href=http%3A%2F%2Fwww.rettet-den-sozialstaat.de%2F%3Fp%3D132&amp;layout=standard&amp;show_faces=false&amp;width=450&amp;action=like&amp;colorscheme=light\" scrolling=\"no\" frameborder=\"0\" allowTransparency=\"true\" style=\"border:none; overflow:hidden; width:450px; height: 30px; align: left; margin: 2px 0px 2px 0px\"><\/iframe>\n<!-- Facebook Like Button END -->\n<p>AWO und DPWV:<br \/>\nHolger Scharff: \u201e Bildungs- und Teilhabepaket muss auf den Pr\u00fcfstand \u2013<br \/>\nkeine Haushaltssanierung mit Restmitteln \u201e<\/p>\n<p>\u201eGleiche Bildungschancen f\u00fcr Arm und Reich kann es nur geben, wenn das<br \/>\nBildungs- und Teilhabepaket massiv ver\u00e4ndert wird und auch der Zugang<br \/>\nmassiv erleichtert wird \u201e so der Sprecher vom Parit\u00e4tischen<br \/>\nRegionalverband und Arbeiterwohlfahrt Stadtkreisverband e.V.<br \/>\nLudwigshafen am Rhein.<\/p>\n<p>Zu viele b\u00fcrokratische Hemmnisse beinhaltet das Bildungs- und<br \/>\nTeilhabepaket und verhindert damit, dass es wirklich bei den Kindern<br \/>\nankommt so Scharff weiter.<\/p>\n<p>F\u00fcr viele Kinder gerade in Ludwigshafen m\u00fcsste man durch dieses Paket<br \/>\nDeutschkurse finanzieren k\u00f6nnen, um ihnen dadurch einen guten<br \/>\nSchulanfang zu erm\u00f6glichen. Unabh\u00e4ngig vom Angebot der Schulen m\u00fcsste<br \/>\nden Kindern bei Bedarf damit die Nachhilfe finanziert werden, damit die<br \/>\nKinder im Unterricht folgen k\u00f6nnen. Diese Hilfe m\u00fcsste den Kindern von<br \/>\ngeringverdienenden Eltern genauso zur Verf\u00fcgung stehen wie Kindern von<br \/>\nHartz IV Eltern.<\/p>\n<p>Das bisherige Verfahren, dass nur Kinder Nachhilfe erhalten, die kurz<br \/>\ndavor stehen die Klasse wiederholen zu m\u00fcssen ist schlichtweg<br \/>\nGeldverschwendung, da diese Nachhilfe nichts mehr n\u00fctzt und der Sch\u00fcler<br \/>\nzu 99 % das Klassenziel trotz kurzer Nachhilfe nicht erreichen wird.<\/p>\n<p>Die Erstattung der Fahrtkosten zum Erreichen der Schule ist unter<br \/>\nbestimmten Voraussetzungen m\u00f6glich. Auch dies so Scharff ist f\u00fcr die<br \/>\nKinder nicht ausreichen, wenn sie vom Angebot einer<br \/>\nVereinsmitgliedschaft oder des Musikunterrichts am Nachmittag teilnehmen<br \/>\nwollen. Ohne Fahrkarte f\u00fcr den \u00d6PNV k\u00f6nnen diese Kinder weder an einem<br \/>\nVereinsleben teilnehmen noch in den Musilunterricht gehen. F\u00fcr Verein<br \/>\nund Musikunterricht stellt sich dann auch oft die Frage, kann sich das<br \/>\nKind ein Musikinstrument leisten oder das Handwerkszeug f\u00fcr den Verein.<br \/>\nScharff: \u201e Auf jeden Fall brauchen sie eine Monatskarte f\u00fcr den \u00d6PNV um<br \/>\ndiese Teilhabe \u00fcberhaupt nutzen zu k\u00f6nnen. \u201e<\/p>\n<p>Immer wieder h\u00f6rt man auch, dass man bei Stadt oder Jobcenter bei der<br \/>\nBewilligung von Leistungen Angst hat mit dem Rechnungshof in Konflikte<br \/>\nzu geraten.<\/p>\n<p>Scharff: \u201e Nach unserer Auffassung fehlt sowohl vom Bund als auch vom<br \/>\nLand eine klare Arbeitsrichtlinie im Interesse der Kinder, wie die<br \/>\nMittel des Bildungs- und Teilhabepakets ausgegeben werden d\u00fcrfen. Das<br \/>\nLand Rheinland-Pfalz ist hier in der Verantwortung schnell eine<br \/>\nRichtlinie zu schaffen, die die Interessen der Kinder so ber\u00fccksichtigt,<br \/>\ndass die Mittel auch ihr Ziel einer vern\u00fcnftigen Teilhabe erreichen. Vom<br \/>\nBund m\u00fcssen die Vorgaben so ge\u00e4ndert werden, dass weniger B\u00fcrokratie die<br \/>\nEltern daran hindert einen Antrag f\u00fcr ihre Kinder zu stellen. \u201e<\/p>\n<p>Es ist derzeit unklar, ob die Restmittel zur\u00fcckgef\u00fchrt werden m\u00fcssen<br \/>\noder im Haushalt der Stadt Ludwigshafen verbleiben. Die in der Stadt<br \/>\nnicht ausgegebenen Mittel aus dem letzten Jahr m\u00fcssen weiterhin den<br \/>\nKindern zu Verf\u00fcgung stehen, wenn sie nicht an das Land oder den Bund<br \/>\nzur\u00fcckgef\u00fchrt werden m\u00fcssen. Die Restmittel d\u00fcrften nicht zur<br \/>\nHaushaltssanierung eingesetzt werden.<\/p>\n\n<!-- Facebook Like Button v1.9.6 BEGIN [http:\/\/blog.bottomlessinc.com] -->\n<iframe src=\"http:\/\/www.facebook.com\/plugins\/like.php?href=http%3A%2F%2Fwww.rettet-den-sozialstaat.de%2F%3Fp%3D132&amp;layout=standard&amp;show_faces=false&amp;width=450&amp;action=like&amp;colorscheme=light\" scrolling=\"no\" frameborder=\"0\" allowTransparency=\"true\" style=\"border:none; overflow:hidden; width:450px; height: 30px; align: left; margin: 2px 0px 2px 0px\"><\/iframe>\n<!-- Facebook Like Button END -->\n","protected":false},"excerpt":{"rendered":"<p>AWO und DPWV: Holger Scharff: \u201e Bildungs- und Teilhabepaket muss auf den Pr\u00fcfstand \u2013 keine Haushaltssanierung mit Restmitteln \u201e \u201eGleiche Bildungschancen f\u00fcr Arm und Reich kann es nur geben, wenn das Bildungs- und Teilhabepaket massiv ver\u00e4ndert wird und auch der &hellip; <a href=\"http:\/\/www.rettet-den-sozialstaat.de\/?p=132\">Weiterlesen <span class=\"meta-nav\">&rarr;<\/span><\/a><\/p>\n","protected":false},"author":2,"featured_media":0,"comment_status":"open","ping_status":"open","sticky":false,"template":"","format":"standard","meta":{"footnotes":""},"categories":[1],"tags":[],"class_list":["post-132","post","type-post","status-publish","format-standard","hentry","category-allgemein"],"_links":{"self":[{"href":"http:\/\/www.rettet-den-sozialstaat.de\/index.php?rest_route=\/wp\/v2\/posts\/132","targetHints":{"allow":["GET"]}}],"collection":[{"href":"http:\/\/www.rettet-den-sozialstaat.de\/index.php?rest_route=\/wp\/v2\/posts"}],"about":[{"href":"http:\/\/www.rettet-den-sozialstaat.de\/index.php?rest_route=\/wp\/v2\/types\/post"}],"author":[{"embeddable":true,"href":"http:\/\/www.rettet-den-sozialstaat.de\/index.php?rest_route=\/wp\/v2\/users\/2"}],"replies":[{"embeddable":true,"href":"http:\/\/www.rettet-den-sozialstaat.de\/index.php?rest_route=%2Fwp%2Fv2%2Fcomments&post=132"}],"version-history":[{"count":0,"href":"http:\/\/www.rettet-den-sozialstaat.de\/index.php?rest_route=\/wp\/v2\/posts\/132\/revisions"}],"wp:attachment":[{"href":"http:\/\/www.rettet-den-sozialstaat.de\/index.php?rest_route=%2Fwp%2Fv2%2Fmedia&parent=132"}],"wp:term":[{"taxonomy":"category","embeddable":true,"href":"http:\/\/www.rettet-den-sozialstaat.de\/index.php?rest_route=%2Fwp%2Fv2%2Fcategories&post=132"},{"taxonomy":"post_tag","embeddable":true,"href":"http:\/\/www.rettet-den-sozialstaat.de\/index.php?rest_route=%2Fwp%2Fv2%2Ftags&post=132"}],"curies":[{"name":"wp","href":"https:\/\/api.w.org\/{rel}","templated":true}]}}