{"id":133,"date":"2012-07-15T17:42:54","date_gmt":"2012-07-15T15:42:54","guid":{"rendered":"http:\/\/www.rettet-den-sozialstaat.de\/archives\/133"},"modified":"2012-07-15T17:42:54","modified_gmt":"2012-07-15T15:42:54","slug":"altenpflege-ist-keine-verschiebebahnhof","status":"publish","type":"post","link":"http:\/\/www.rettet-den-sozialstaat.de\/?p=133","title":{"rendered":"Altenpflege ist keine Verschiebebahnhof"},"content":{"rendered":"\n<!-- Facebook Like Button v1.9.6 BEGIN [http:\/\/blog.bottomlessinc.com] -->\n<iframe src=\"http:\/\/www.facebook.com\/plugins\/like.php?href=http%3A%2F%2Fwww.rettet-den-sozialstaat.de%2F%3Fp%3D133&amp;layout=standard&amp;show_faces=false&amp;width=450&amp;action=like&amp;colorscheme=light\" scrolling=\"no\" frameborder=\"0\" allowTransparency=\"true\" style=\"border:none; overflow:hidden; width:450px; height: 30px; align: left; margin: 2px 0px 2px 0px\"><\/iframe>\n<!-- Facebook Like Button END -->\n<p>ASB Kreisvorsitzender Holger Scharff: \u201e Altenpflege ist kein<br \/>\nVerschiebebahnhof \u201c<\/p>\n<p>\u201e Immer dann, wenn Menschen in unseren Sozialsystemen Kosten<br \/>\nverursachen, ob als Arbeitslose oder Sozialhilfeempf\u00e4nger denken manche<br \/>\npolitisch Verantwortliche, man k\u00f6nne mit diesen Menschen den<br \/>\nFachkr\u00e4ftemangel in den sozialen Berufen beheben \u201e so der ASB<br \/>\nKreisvorsitzende Holger Scharff, \u201e Altenpflege ist aber kein<br \/>\nVerschiebebahnhof \u201e so Scharff weiter.<\/p>\n<p>F\u00fcr die Betreuung von pflegebed\u00fcrftigen Menschen sind Best\u00e4ndigkeit,<br \/>\nProfessionalit\u00e4t und fachliche Kenntnisse unverzichtbar. Es ist<br \/>\nAngeh\u00f6rigen und Pflegebed\u00fcrftigen nicht vermittelbar, warum ausgerechnet<br \/>\nin diesem Bereich ungelernte Menschen tageweise eingesetzt werden<br \/>\nsollten. Ein Vergleich mit ehemaligen Zivildienstleistenden bzw.<br \/>\nBundesfreiwilligen ist auch nicht passend, da diese sich bewusst f\u00fcr<br \/>\ndiesen Einsatz entscheiden, darauf intensiv vorbereitet werden und<br \/>\nzumindest ein Jahr im Einsatz sind. Man beachtet au\u00dferdem nicht, welch<br \/>\nnegatives Signal es an die potenziellen Berufsanf\u00e4nger in der<br \/>\nAltenpflege aussendet. \u201eAltenpflege ist keine Aushilfst\u00e4tigkeit, sondern<br \/>\nein verantwortungsvoller Beruf. Er bedarf einer fundierten Ausbildung<br \/>\nund eines ausgepr\u00e4gten Engagements f\u00fcr Menschen. Die Politik darf nicht<br \/>\nimmer wieder Vorschl\u00e4ge machen, die signalisieren, dass jeder diesen<br \/>\nBeruf aus\u00fcben k\u00f6nnte\u201c, sagt J\u00fcrgen Juchem Gesch\u00e4ftsf\u00fchrer des ASB<br \/>\nLudwigshafen am Rhein. \u201eDas wird den Fachkr\u00e4ften nicht gerecht und<br \/>\nerzeugt auch kein gro\u00dfes Interesse, sich in diesem Bereich zu engagieren.\u201c<\/p>\n<p>ASB Kreisvorsitzender Holger Scharff: \u201e Die Mitarbeiterinnen und<br \/>\nMitarbeiter in der Pflege leisten eine gro\u00dfartige und<br \/>\nverantwortungsvolle Arbeit. Daf\u00fcr haben sie eine gute Ausbildung und wer<br \/>\ndiese Arbeit \u00fcbernimmt auch eine innere \u00dcberzeugung. Dies k\u00f6nnen<br \/>\nAushilfskr\u00e4fte, die dazu noch durch eine Beh\u00f6rde gezwungen werden in der<br \/>\nRegel nicht haben und daher darf man sie auch nicht als Notl\u00f6sung in der<br \/>\nPflege einsetzen. \u201e<\/p>\n\n<!-- Facebook Like Button v1.9.6 BEGIN [http:\/\/blog.bottomlessinc.com] -->\n<iframe src=\"http:\/\/www.facebook.com\/plugins\/like.php?href=http%3A%2F%2Fwww.rettet-den-sozialstaat.de%2F%3Fp%3D133&amp;layout=standard&amp;show_faces=false&amp;width=450&amp;action=like&amp;colorscheme=light\" scrolling=\"no\" frameborder=\"0\" allowTransparency=\"true\" style=\"border:none; overflow:hidden; width:450px; height: 30px; align: left; margin: 2px 0px 2px 0px\"><\/iframe>\n<!-- Facebook Like Button END -->\n","protected":false},"excerpt":{"rendered":"<p>ASB Kreisvorsitzender Holger Scharff: \u201e Altenpflege ist kein Verschiebebahnhof \u201c \u201e Immer dann, wenn Menschen in unseren Sozialsystemen Kosten verursachen, ob als Arbeitslose oder Sozialhilfeempf\u00e4nger denken manche politisch Verantwortliche, man k\u00f6nne mit diesen Menschen den Fachkr\u00e4ftemangel in den sozialen Berufen &hellip; <a href=\"http:\/\/www.rettet-den-sozialstaat.de\/?p=133\">Weiterlesen <span class=\"meta-nav\">&rarr;<\/span><\/a><\/p>\n","protected":false},"author":2,"featured_media":0,"comment_status":"open","ping_status":"open","sticky":false,"template":"","format":"standard","meta":{"footnotes":""},"categories":[1],"tags":[],"class_list":["post-133","post","type-post","status-publish","format-standard","hentry","category-allgemein"],"_links":{"self":[{"href":"http:\/\/www.rettet-den-sozialstaat.de\/index.php?rest_route=\/wp\/v2\/posts\/133","targetHints":{"allow":["GET"]}}],"collection":[{"href":"http:\/\/www.rettet-den-sozialstaat.de\/index.php?rest_route=\/wp\/v2\/posts"}],"about":[{"href":"http:\/\/www.rettet-den-sozialstaat.de\/index.php?rest_route=\/wp\/v2\/types\/post"}],"author":[{"embeddable":true,"href":"http:\/\/www.rettet-den-sozialstaat.de\/index.php?rest_route=\/wp\/v2\/users\/2"}],"replies":[{"embeddable":true,"href":"http:\/\/www.rettet-den-sozialstaat.de\/index.php?rest_route=%2Fwp%2Fv2%2Fcomments&post=133"}],"version-history":[{"count":0,"href":"http:\/\/www.rettet-den-sozialstaat.de\/index.php?rest_route=\/wp\/v2\/posts\/133\/revisions"}],"wp:attachment":[{"href":"http:\/\/www.rettet-den-sozialstaat.de\/index.php?rest_route=%2Fwp%2Fv2%2Fmedia&parent=133"}],"wp:term":[{"taxonomy":"category","embeddable":true,"href":"http:\/\/www.rettet-den-sozialstaat.de\/index.php?rest_route=%2Fwp%2Fv2%2Fcategories&post=133"},{"taxonomy":"post_tag","embeddable":true,"href":"http:\/\/www.rettet-den-sozialstaat.de\/index.php?rest_route=%2Fwp%2Fv2%2Ftags&post=133"}],"curies":[{"name":"wp","href":"https:\/\/api.w.org\/{rel}","templated":true}]}}