{"id":150,"date":"2012-08-24T17:22:51","date_gmt":"2012-08-24T15:22:51","guid":{"rendered":"http:\/\/www.rettet-den-sozialstaat.de\/?p=150"},"modified":"2012-08-24T17:22:51","modified_gmt":"2012-08-24T15:22:51","slug":"holger-scharff-im-awo-bezirksvorstand-pfalz","status":"publish","type":"post","link":"http:\/\/www.rettet-den-sozialstaat.de\/?p=150","title":{"rendered":"Holger Scharff im AWO Bezirksvorstand Pfalz"},"content":{"rendered":"\n<!-- Facebook Like Button v1.9.6 BEGIN [http:\/\/blog.bottomlessinc.com] -->\n<iframe src=\"http:\/\/www.facebook.com\/plugins\/like.php?href=http%3A%2F%2Fwww.rettet-den-sozialstaat.de%2F%3Fp%3D150&amp;layout=standard&amp;show_faces=false&amp;width=450&amp;action=like&amp;colorscheme=light\" scrolling=\"no\" frameborder=\"0\" allowTransparency=\"true\" style=\"border:none; overflow:hidden; width:450px; height: 30px; align: left; margin: 2px 0px 2px 0px\"><\/iframe>\n<!-- Facebook Like Button END -->\n<p>AWO Ludwigshafen:<br \/>\nHolger Scharff in den AWO Bezirksvorstand Pfalz gew\u00e4hlt &#8211; Teilhabe<br \/>\nerm\u00f6glichen \u2013 Altersarmut verhindern\u201c &#8211; \u00c4ltere wehren sich gegen<br \/>\nAusgrenzung und Armut<\/p>\n<p>Der Ludwigshafener AWO Stadtkreisvorsitzende Holger Scharff wurde bei<br \/>\nder Bezirkskonferenz Pfalz in den Bezirksvorstand gew\u00e4hlt.<\/p>\n<p>Holger Scharff ist seit 2007 Stadtkreisvorsitzender der<br \/>\nArbeiterwohlfahrt Stadtkreisverband Ludwigshafen e.V. Scharff ist<br \/>\nSozialpolitischer Sprecher der SPD Stadtratsfraktion Ludwigshafen und in<br \/>\nweiteren Sozialverb\u00e4nden in den Vorst\u00e4nden aktiv. Scharff engagiert sich<br \/>\nauch in der LIGA Ludwigshafen.<\/p>\n<p>Im Vorfeld der Bezirkskonferenz engagierte sich der Ludwigshafener AWO<br \/>\nVertreter im Arbeitskreis \u201e Soziales \u201e der AWO Verb\u00e4nde Rheinland, Pfalz<br \/>\nund Saarland. Scharff arbeitete an dem auf der Bezirkskonferenz Pfalz<br \/>\nAntrag \u201e Altersarmut bek\u00e4mpfen \u201e verantwortlich mit. Dieser Antrag wird<br \/>\nals gemeinsamen Antrag der AWO S\u00fcdwest ( Rheinland \/ Pfalz und Saarland<br \/>\n) der AWO Bundeskonferenz zur Abstimmung vorgelegt werden.<\/p>\n<p>\u201e Unsere Erfahrung zeigt, dass unser Rentensystem den Lebensstandard<br \/>\nsichern und Altersarmut verhindern muss. Bei zu vielen \u00e4lteren Menschen<br \/>\nh\u00e4ngt es vom Geldbeutel ab, ob sie ehrenamtlich t\u00e4tig sind, oder f\u00fcr das<br \/>\nEnkelkind noch ein Geschenk kaufen k\u00f6nnen \u201e so Holger Scharff.<\/p>\n<p>Die Senioren haben nicht ein Leben lang gearbeitet um jetzt Bittsteller<br \/>\nzu sein. Wir wollen, dass unsere Kinder und Enkelkinder Arbeit haben,<br \/>\nvon denen sie leben und eine Alterssicherung aufbauen k\u00f6nnen. Auch daf\u00fcr<br \/>\nbrauchen wir den Mindestlohn.<\/p>\n<p>Die Arbeiterwohlfahrt sieht in ihrem Motto \u201eTeilhabe erm\u00f6glichen \u2013<br \/>\nAltersarmut verhindern\u201c eine zentrale Herausforderung f\u00fcr eine moderne<br \/>\nSozialpolitik. \u00c4ltere und j\u00fcngere Menschen m\u00fcssen sich auf das<br \/>\nRentensystem verlassen k\u00f6nnen so Scharff abschlie\u00dfend.<\/p>\n\n<!-- Facebook Like Button v1.9.6 BEGIN [http:\/\/blog.bottomlessinc.com] -->\n<iframe src=\"http:\/\/www.facebook.com\/plugins\/like.php?href=http%3A%2F%2Fwww.rettet-den-sozialstaat.de%2F%3Fp%3D150&amp;layout=standard&amp;show_faces=false&amp;width=450&amp;action=like&amp;colorscheme=light\" scrolling=\"no\" frameborder=\"0\" allowTransparency=\"true\" style=\"border:none; overflow:hidden; width:450px; height: 30px; align: left; margin: 2px 0px 2px 0px\"><\/iframe>\n<!-- Facebook Like Button END -->\n","protected":false},"excerpt":{"rendered":"<p>AWO Ludwigshafen: Holger Scharff in den AWO Bezirksvorstand Pfalz gew\u00e4hlt &#8211; Teilhabe erm\u00f6glichen \u2013 Altersarmut verhindern\u201c &#8211; \u00c4ltere wehren sich gegen Ausgrenzung und Armut Der Ludwigshafener AWO Stadtkreisvorsitzende Holger Scharff wurde bei der Bezirkskonferenz Pfalz in den Bezirksvorstand gew\u00e4hlt. Holger &hellip; <a href=\"http:\/\/www.rettet-den-sozialstaat.de\/?p=150\">Weiterlesen <span class=\"meta-nav\">&rarr;<\/span><\/a><\/p>\n","protected":false},"author":2,"featured_media":0,"comment_status":"closed","ping_status":"open","sticky":false,"template":"","format":"standard","meta":{"footnotes":""},"categories":[1],"tags":[],"class_list":["post-150","post","type-post","status-publish","format-standard","hentry","category-allgemein"],"_links":{"self":[{"href":"http:\/\/www.rettet-den-sozialstaat.de\/index.php?rest_route=\/wp\/v2\/posts\/150","targetHints":{"allow":["GET"]}}],"collection":[{"href":"http:\/\/www.rettet-den-sozialstaat.de\/index.php?rest_route=\/wp\/v2\/posts"}],"about":[{"href":"http:\/\/www.rettet-den-sozialstaat.de\/index.php?rest_route=\/wp\/v2\/types\/post"}],"author":[{"embeddable":true,"href":"http:\/\/www.rettet-den-sozialstaat.de\/index.php?rest_route=\/wp\/v2\/users\/2"}],"replies":[{"embeddable":true,"href":"http:\/\/www.rettet-den-sozialstaat.de\/index.php?rest_route=%2Fwp%2Fv2%2Fcomments&post=150"}],"version-history":[{"count":0,"href":"http:\/\/www.rettet-den-sozialstaat.de\/index.php?rest_route=\/wp\/v2\/posts\/150\/revisions"}],"wp:attachment":[{"href":"http:\/\/www.rettet-den-sozialstaat.de\/index.php?rest_route=%2Fwp%2Fv2%2Fmedia&parent=150"}],"wp:term":[{"taxonomy":"category","embeddable":true,"href":"http:\/\/www.rettet-den-sozialstaat.de\/index.php?rest_route=%2Fwp%2Fv2%2Fcategories&post=150"},{"taxonomy":"post_tag","embeddable":true,"href":"http:\/\/www.rettet-den-sozialstaat.de\/index.php?rest_route=%2Fwp%2Fv2%2Ftags&post=150"}],"curies":[{"name":"wp","href":"https:\/\/api.w.org\/{rel}","templated":true}]}}