{"id":163,"date":"2012-11-17T16:34:40","date_gmt":"2012-11-17T14:34:40","guid":{"rendered":"http:\/\/www.rettet-den-sozialstaat.de\/?p=163"},"modified":"2012-11-17T16:34:40","modified_gmt":"2012-11-17T14:34:40","slug":"fehlende-betreuungsplatze-in-sud","status":"publish","type":"post","link":"http:\/\/www.rettet-den-sozialstaat.de\/?p=163","title":{"rendered":"Fehlende Betreuungspl\u00e4tze in S\u00fcd"},"content":{"rendered":"\n<!-- Facebook Like Button v1.9.6 BEGIN [http:\/\/blog.bottomlessinc.com] -->\n<iframe src=\"http:\/\/www.facebook.com\/plugins\/like.php?href=http%3A%2F%2Fwww.rettet-den-sozialstaat.de%2F%3Fp%3D163&amp;layout=standard&amp;show_faces=false&amp;width=450&amp;action=like&amp;colorscheme=light\" scrolling=\"no\" frameborder=\"0\" allowTransparency=\"true\" style=\"border:none; overflow:hidden; width:450px; height: 30px; align: left; margin: 2px 0px 2px 0px\"><\/iframe>\n<!-- Facebook Like Button END -->\n<p>Regionalsprecher Vorderpfalz Holger Scharff:<br \/>\n\u201e Fehlende Betreuungspl\u00e4tze in S\u00fcd seit langer Zeit bekannt \u201e<\/p>\n<p>Auf die fehlenden Betreuungspl\u00e4tze in S\u00fcd wurde die Verwaltung immer<br \/>\nwieder aufmerksam gemacht ebenso auf den kommenden Personalmangel bei<br \/>\nden Erziehern so der DPWV Regionalsprecher und Mitglied im<br \/>\nJugendhilfeausschuss Holger Scharff.<\/p>\n<p>Die Verantwortlichen in der Verwaltung haben immer wieder vertr\u00f6stet und<br \/>\nmitgeteilt, dass alles l\u00f6sbar ist so Scharff.<br \/>\nSeit Wochen nun m\u00fcssen wir feststellen, dass nichts gel\u00f6st ist,<br \/>\nentsprechende Betreuungspl\u00e4tze in S\u00fcd fehlen immer noch. Da hilft es<br \/>\nauch sehr wenig, wenn in anderen Stadtteilen noch Pl\u00e4tze frei sind.<br \/>\nHolger Scharff: \u201e Es ist keiner Halbtagskraft oder einer<br \/>\nAlleinerziehenden Mutter zumutbar, erst in einen anderen Stadtteil zu<br \/>\nfahren um ihr Kind in die Betreuung zu geben um dann an ihren<br \/>\nArbeitsplatz zu gelangen. So etwas ist organisatorisch und oft auch<br \/>\nfinanziell nicht leistbar, da nicht immer ein Auto vorhanden ist. \u201e<\/p>\n<p>Es ist auch mehr als unverst\u00e4ndlich, dass man hier Probleme in der<br \/>\nTerminfindung um mit den Elternbeir\u00e4ten zu sprechen. Den Eltern brennt<br \/>\nes unter den N\u00e4geln und die Verwaltung ist in der Terminfindung! Eile<br \/>\nist hier geboten und mehr B\u00fcrgern\u00e4he f\u00fcr die anstehenden Probleme der<br \/>\nEltern.<\/p>\n<p>Eltern, denen man einen Betreuungsplatz abgewiesen hat sollten sich<br \/>\n\u00f6ffentlich zu Wort melden, damit man erkennen kann wie viele<br \/>\nBetreuungspl\u00e4tze wirklich in S\u00fcd fehlen so Scharff abschlie\u00dfend.<\/p>\n\n<!-- Facebook Like Button v1.9.6 BEGIN [http:\/\/blog.bottomlessinc.com] -->\n<iframe src=\"http:\/\/www.facebook.com\/plugins\/like.php?href=http%3A%2F%2Fwww.rettet-den-sozialstaat.de%2F%3Fp%3D163&amp;layout=standard&amp;show_faces=false&amp;width=450&amp;action=like&amp;colorscheme=light\" scrolling=\"no\" frameborder=\"0\" allowTransparency=\"true\" style=\"border:none; overflow:hidden; width:450px; height: 30px; align: left; margin: 2px 0px 2px 0px\"><\/iframe>\n<!-- Facebook Like Button END -->\n","protected":false},"excerpt":{"rendered":"<p>Regionalsprecher Vorderpfalz Holger Scharff: \u201e Fehlende Betreuungspl\u00e4tze in S\u00fcd seit langer Zeit bekannt \u201e Auf die fehlenden Betreuungspl\u00e4tze in S\u00fcd wurde die Verwaltung immer wieder aufmerksam gemacht ebenso auf den kommenden Personalmangel bei den Erziehern so der DPWV Regionalsprecher und &hellip; <a href=\"http:\/\/www.rettet-den-sozialstaat.de\/?p=163\">Weiterlesen <span class=\"meta-nav\">&rarr;<\/span><\/a><\/p>\n","protected":false},"author":2,"featured_media":0,"comment_status":"closed","ping_status":"open","sticky":false,"template":"","format":"standard","meta":{"footnotes":""},"categories":[1],"tags":[],"class_list":["post-163","post","type-post","status-publish","format-standard","hentry","category-allgemein"],"_links":{"self":[{"href":"http:\/\/www.rettet-den-sozialstaat.de\/index.php?rest_route=\/wp\/v2\/posts\/163","targetHints":{"allow":["GET"]}}],"collection":[{"href":"http:\/\/www.rettet-den-sozialstaat.de\/index.php?rest_route=\/wp\/v2\/posts"}],"about":[{"href":"http:\/\/www.rettet-den-sozialstaat.de\/index.php?rest_route=\/wp\/v2\/types\/post"}],"author":[{"embeddable":true,"href":"http:\/\/www.rettet-den-sozialstaat.de\/index.php?rest_route=\/wp\/v2\/users\/2"}],"replies":[{"embeddable":true,"href":"http:\/\/www.rettet-den-sozialstaat.de\/index.php?rest_route=%2Fwp%2Fv2%2Fcomments&post=163"}],"version-history":[{"count":0,"href":"http:\/\/www.rettet-den-sozialstaat.de\/index.php?rest_route=\/wp\/v2\/posts\/163\/revisions"}],"wp:attachment":[{"href":"http:\/\/www.rettet-den-sozialstaat.de\/index.php?rest_route=%2Fwp%2Fv2%2Fmedia&parent=163"}],"wp:term":[{"taxonomy":"category","embeddable":true,"href":"http:\/\/www.rettet-den-sozialstaat.de\/index.php?rest_route=%2Fwp%2Fv2%2Fcategories&post=163"},{"taxonomy":"post_tag","embeddable":true,"href":"http:\/\/www.rettet-den-sozialstaat.de\/index.php?rest_route=%2Fwp%2Fv2%2Ftags&post=163"}],"curies":[{"name":"wp","href":"https:\/\/api.w.org\/{rel}","templated":true}]}}