{"id":182,"date":"2013-09-09T10:04:14","date_gmt":"2013-09-09T08:04:14","guid":{"rendered":"http:\/\/www.rettet-den-sozialstaat.de\/?p=182"},"modified":"2013-09-09T10:04:30","modified_gmt":"2013-09-09T08:04:30","slug":"sozialwohnungen","status":"publish","type":"post","link":"http:\/\/www.rettet-den-sozialstaat.de\/?p=182","title":{"rendered":"Sozialwohnungen"},"content":{"rendered":"\n<!-- Facebook Like Button v1.9.6 BEGIN [http:\/\/blog.bottomlessinc.com] -->\n<iframe src=\"http:\/\/www.facebook.com\/plugins\/like.php?href=http%3A%2F%2Fwww.rettet-den-sozialstaat.de%2F%3Fp%3D182&amp;layout=standard&amp;show_faces=false&amp;width=450&amp;action=like&amp;colorscheme=light\" scrolling=\"no\" frameborder=\"0\" allowTransparency=\"true\" style=\"border:none; overflow:hidden; width:450px; height: 30px; align: left; margin: 2px 0px 2px 0px\"><\/iframe>\n<!-- Facebook Like Button END -->\n<p><b>Holger Scharff: \u00a0\u201e\u00a0 GAG Vorstand Ernst Merkel sieht die Lage am Wohnungsmarkt in Ludwigshafen falsch \u2013 es fehlen bezahlbare Wohnungen \u201e<\/b><\/p>\n<p>Leider erh\u00e4lt in Ludwigshafen nicht jeder der eine Wohnung sucht von der GAG auch eine Wohnung so Holger Scharff Sprecher der AWO und DPWV sowie Sozialpolitischer Sprecher der SPD Stadtratsfraktion.<\/p>\n<p>Richtig ist, dass nicht jeder HARTZ IV Empf\u00e4nger in Ludwigshafen ohne Probleme eine Wohnung erh\u00e4lt, die er sich leisten kann und vom Amt her nehmen \u00a0darf \u00a0so Scharff weiter.<\/p>\n<p>Die Wohnungen der GAG sind entgegen der Aussage in der Presse nach GAG Hauptversammlung\u00a0 von Ernst Merkel GAG Vorstand vermietet, bei einer K\u00fcndigung gibt es eine l\u00e4ngere Warteliste so Scharff. F\u00fcr Menschen die auf preiswerten Wohnraum angewiesen sind gibt es keinen Markt und kein ausreichendes Angebot. Sie m\u00fcssen im Ernstfall nehmen was sie erhalten und dies ist nicht immer in einem Zustand, den man menschenw\u00fcrdig bezeichnet.<\/p>\n<p>Holger Scharff: \u201e Ich bleibe dabei, es gibt nicht ausreichend Wohnraum f\u00fcr B\u00fcrgerinnen und B\u00fcrger mit kleinen Einkommen. Die vorhandenen Wohnungen sind teilweise so veraltet, dass diesen Menschen das Leben noch zus\u00e4tzlich durch die enormen Energiekosten erschwert wird. Wir brauchen neue moderne Sozialwohnungen, die der Bund und das Land entsprechend f\u00f6rdern m\u00fcssen. \u201e<\/p>\n\n<!-- Facebook Like Button v1.9.6 BEGIN [http:\/\/blog.bottomlessinc.com] -->\n<iframe src=\"http:\/\/www.facebook.com\/plugins\/like.php?href=http%3A%2F%2Fwww.rettet-den-sozialstaat.de%2F%3Fp%3D182&amp;layout=standard&amp;show_faces=false&amp;width=450&amp;action=like&amp;colorscheme=light\" scrolling=\"no\" frameborder=\"0\" allowTransparency=\"true\" style=\"border:none; overflow:hidden; width:450px; height: 30px; align: left; margin: 2px 0px 2px 0px\"><\/iframe>\n<!-- Facebook Like Button END -->\n","protected":false},"excerpt":{"rendered":"<p>Holger Scharff: \u00a0\u201e\u00a0 GAG Vorstand Ernst Merkel sieht die Lage am Wohnungsmarkt in Ludwigshafen falsch \u2013 es fehlen bezahlbare Wohnungen \u201e Leider erh\u00e4lt in Ludwigshafen nicht jeder der eine Wohnung sucht von der GAG auch eine Wohnung so Holger Scharff &hellip; <a href=\"http:\/\/www.rettet-den-sozialstaat.de\/?p=182\">Weiterlesen <span class=\"meta-nav\">&rarr;<\/span><\/a><\/p>\n","protected":false},"author":2,"featured_media":0,"comment_status":"closed","ping_status":"open","sticky":false,"template":"","format":"standard","meta":{"footnotes":""},"categories":[1],"tags":[],"class_list":["post-182","post","type-post","status-publish","format-standard","hentry","category-allgemein"],"_links":{"self":[{"href":"http:\/\/www.rettet-den-sozialstaat.de\/index.php?rest_route=\/wp\/v2\/posts\/182","targetHints":{"allow":["GET"]}}],"collection":[{"href":"http:\/\/www.rettet-den-sozialstaat.de\/index.php?rest_route=\/wp\/v2\/posts"}],"about":[{"href":"http:\/\/www.rettet-den-sozialstaat.de\/index.php?rest_route=\/wp\/v2\/types\/post"}],"author":[{"embeddable":true,"href":"http:\/\/www.rettet-den-sozialstaat.de\/index.php?rest_route=\/wp\/v2\/users\/2"}],"replies":[{"embeddable":true,"href":"http:\/\/www.rettet-den-sozialstaat.de\/index.php?rest_route=%2Fwp%2Fv2%2Fcomments&post=182"}],"version-history":[{"count":2,"href":"http:\/\/www.rettet-den-sozialstaat.de\/index.php?rest_route=\/wp\/v2\/posts\/182\/revisions"}],"predecessor-version":[{"id":184,"href":"http:\/\/www.rettet-den-sozialstaat.de\/index.php?rest_route=\/wp\/v2\/posts\/182\/revisions\/184"}],"wp:attachment":[{"href":"http:\/\/www.rettet-den-sozialstaat.de\/index.php?rest_route=%2Fwp%2Fv2%2Fmedia&parent=182"}],"wp:term":[{"taxonomy":"category","embeddable":true,"href":"http:\/\/www.rettet-den-sozialstaat.de\/index.php?rest_route=%2Fwp%2Fv2%2Fcategories&post=182"},{"taxonomy":"post_tag","embeddable":true,"href":"http:\/\/www.rettet-den-sozialstaat.de\/index.php?rest_route=%2Fwp%2Fv2%2Ftags&post=182"}],"curies":[{"name":"wp","href":"https:\/\/api.w.org\/{rel}","templated":true}]}}