{"id":232,"date":"2015-12-19T21:23:13","date_gmt":"2015-12-19T19:23:13","guid":{"rendered":"http:\/\/www.rettet-den-sozialstaat.de\/?p=232"},"modified":"2015-12-19T21:23:13","modified_gmt":"2015-12-19T19:23:13","slug":"afa-unterstuetzt-die-forderung-von-ministerpraesi","status":"publish","type":"post","link":"http:\/\/www.rettet-den-sozialstaat.de\/?p=232","title":{"rendered":"AFA unterst\u00fctzt die Forderung von Ministerpr\u00e4si"},"content":{"rendered":"\n<!-- Facebook Like Button v1.9.6 BEGIN [http:\/\/blog.bottomlessinc.com] -->\n<iframe src=\"http:\/\/www.facebook.com\/plugins\/like.php?href=http%3A%2F%2Fwww.rettet-den-sozialstaat.de%2F%3Fp%3D232&amp;layout=standard&amp;show_faces=false&amp;width=450&amp;action=like&amp;colorscheme=light\" scrolling=\"no\" frameborder=\"0\" allowTransparency=\"true\" style=\"border:none; overflow:hidden; width:450px; height: 30px; align: left; margin: 2px 0px 2px 0px\"><\/iframe>\n<!-- Facebook Like Button END -->\n<p>*AFA Sprecher Holger Scharff:*<\/p>\n<p>*\u201eAFA unterst\u00fctzt die Forderung von Ministerpr\u00e4sidentin Malu Dreyer \u2013<br \/>\nParit\u00e4t wieder einf\u00fchren -*<\/p>\n<p>**<\/p>\n<p>Die Arbeitsgemeinschaft f\u00fcr Arbeitnehmerfragen in der SPD ( AFA )<br \/>\nUnterbezirk Vorderpfalz und der AFA Regionalverband Pfalz werden die<br \/>\nForderung nach Wiedereinf\u00fchrung der Parit\u00e4t bei den<br \/>\nKrankenkassenbeitr\u00e4gen nachdr\u00fccklich unterst\u00fctzen so der Sprecher des<br \/>\nVerbandes Holger Scharff ( Ludwigshafen ).<\/p>\n<p>Es kann nicht sein, dass alleine die Arbeitnehmer \/ Innen die<br \/>\nanstehenden Mehrkosten bei den Krankenkassen schultern m\u00fcssen, die<br \/>\nArbeitgeber sich daran aber nicht beteiligen so Scharff. Wir m\u00fcssen<br \/>\nwieder zur alten Regelung zur\u00fcck bei der sich Arbeitgeber und<br \/>\nArbeitnehmer die Kosten teilen und jede 50 % der Beitr\u00e4ge tr\u00e4gt so<br \/>\nScharff weiter.<\/p>\n<p>Die Argumente der Arbeitgeberverb\u00e4nde, dass durch die Mehrkosten bei den<br \/>\nArbeitskosten die Wettbewerbsf\u00e4higkeit leidet ist ein alter st\u00e4ndig<br \/>\nwiederholender Aufschrei der Arbeitgeber bei allen Dingen, die die<br \/>\nArbeitnehmer \/ Innen entlastet, dies wird aber nicht der Fall sein.<\/p>\n<p>Holger Scharff: \u201e Wir erwarten nun auch von der SPD Bundestagsfraktion<br \/>\nund von den SPD Vertretern im Koalitionsausschuss dieses Thema bei<br \/>\nn\u00e4chster Gelegenheit entsprechend einzubringen und zu behandeln mit dem<br \/>\nErgebnis die Parit\u00e4tische Zahlung wieder einzuf\u00fchren. \u201e<\/p>\n\n<!-- Facebook Like Button v1.9.6 BEGIN [http:\/\/blog.bottomlessinc.com] -->\n<iframe src=\"http:\/\/www.facebook.com\/plugins\/like.php?href=http%3A%2F%2Fwww.rettet-den-sozialstaat.de%2F%3Fp%3D232&amp;layout=standard&amp;show_faces=false&amp;width=450&amp;action=like&amp;colorscheme=light\" scrolling=\"no\" frameborder=\"0\" allowTransparency=\"true\" style=\"border:none; overflow:hidden; width:450px; height: 30px; align: left; margin: 2px 0px 2px 0px\"><\/iframe>\n<!-- Facebook Like Button END -->\n","protected":false},"excerpt":{"rendered":"<p>*AFA Sprecher Holger Scharff:* *\u201eAFA unterst\u00fctzt die Forderung von Ministerpr\u00e4sidentin Malu Dreyer \u2013 Parit\u00e4t wieder einf\u00fchren -* ** Die Arbeitsgemeinschaft f\u00fcr Arbeitnehmerfragen in der SPD ( AFA ) Unterbezirk Vorderpfalz und der AFA Regionalverband Pfalz werden die Forderung nach Wiedereinf\u00fchrung &hellip; <a href=\"http:\/\/www.rettet-den-sozialstaat.de\/?p=232\">Weiterlesen <span class=\"meta-nav\">&rarr;<\/span><\/a><\/p>\n","protected":false},"author":2,"featured_media":0,"comment_status":"closed","ping_status":"open","sticky":false,"template":"","format":"standard","meta":{"footnotes":""},"categories":[1],"tags":[],"class_list":["post-232","post","type-post","status-publish","format-standard","hentry","category-allgemein"],"_links":{"self":[{"href":"http:\/\/www.rettet-den-sozialstaat.de\/index.php?rest_route=\/wp\/v2\/posts\/232","targetHints":{"allow":["GET"]}}],"collection":[{"href":"http:\/\/www.rettet-den-sozialstaat.de\/index.php?rest_route=\/wp\/v2\/posts"}],"about":[{"href":"http:\/\/www.rettet-den-sozialstaat.de\/index.php?rest_route=\/wp\/v2\/types\/post"}],"author":[{"embeddable":true,"href":"http:\/\/www.rettet-den-sozialstaat.de\/index.php?rest_route=\/wp\/v2\/users\/2"}],"replies":[{"embeddable":true,"href":"http:\/\/www.rettet-den-sozialstaat.de\/index.php?rest_route=%2Fwp%2Fv2%2Fcomments&post=232"}],"version-history":[{"count":0,"href":"http:\/\/www.rettet-den-sozialstaat.de\/index.php?rest_route=\/wp\/v2\/posts\/232\/revisions"}],"wp:attachment":[{"href":"http:\/\/www.rettet-den-sozialstaat.de\/index.php?rest_route=%2Fwp%2Fv2%2Fmedia&parent=232"}],"wp:term":[{"taxonomy":"category","embeddable":true,"href":"http:\/\/www.rettet-den-sozialstaat.de\/index.php?rest_route=%2Fwp%2Fv2%2Fcategories&post=232"},{"taxonomy":"post_tag","embeddable":true,"href":"http:\/\/www.rettet-den-sozialstaat.de\/index.php?rest_route=%2Fwp%2Fv2%2Ftags&post=232"}],"curies":[{"name":"wp","href":"https:\/\/api.w.org\/{rel}","templated":true}]}}