{"id":279,"date":"2017-05-01T12:54:43","date_gmt":"2017-05-01T12:54:43","guid":{"rendered":"http:\/\/www.rettet-den-sozialstaat.de\/?p=279"},"modified":"2017-05-01T15:22:44","modified_gmt":"2017-05-01T13:22:44","slug":"keine-arbeitsvermittlung-im-rotlichtmilieu","status":"publish","type":"post","link":"http:\/\/www.rettet-den-sozialstaat.de\/?p=279","title":{"rendered":"Keine Arbeitsvermittlung im Rotlichtmilieu"},"content":{"rendered":"\n<!-- Facebook Like Button v1.9.6 BEGIN [http:\/\/blog.bottomlessinc.com] -->\n<iframe src=\"http:\/\/www.facebook.com\/plugins\/like.php?href=http%3A%2F%2Fwww.rettet-den-sozialstaat.de%2F%3Fp%3D279&amp;layout=standard&amp;show_faces=false&amp;width=450&amp;action=like&amp;colorscheme=light\" scrolling=\"no\" frameborder=\"0\" allowTransparency=\"true\" style=\"border:none; overflow:hidden; width:450px; height: 30px; align: left; margin: 2px 0px 2px 0px\"><\/iframe>\n<!-- Facebook Like Button END -->\n<p>*Arbeitsvermittlung \/ Rotlichtmilieu*<br \/>\n**<br \/>\n*AFA Vorderpfalz:*<br \/>\n*\u201e Keine Arbeitsvermittlung im Rotlichtmilieu  \u201c*<br \/>\n**<br \/>\n*Zur Berichterstattung in der Presse \u00fcber das Jobangebot an eine Frau  ins Rotlichtmilieu erkl\u00e4rt der Unterbezirksvorsitzende der  Arbeitsgemeinschaft f\u00fcr Arbeitnehmerfragen in der SPD Unterbezirk  Vorderpfalz (AFA)Holger Scharff:*<br \/>\n**<br \/>\n*\u201e Nur als skandal\u00f6s kann man den Arbeitsvermittlungsvorschlag vom  Jobcenter an eine junge Frau ins Rotlichtmilieu bezeichnen \u201e so der AFA  Unterbezirksvorsitzende Vorderpfalz Holger Scharff.*<br \/>\n*Es ist ein Skandal, dass man einer jungen Frau einen  Arbeitsvermittlungsvorschlag in einen FKK-Club in der Region  unterbreitet und diesen Vorschlag auch noch mit der \u00fcblichen Belehrung  der Sanktionen versieht. Auch wenn dies wie von der Gesch\u00e4ftsleitung  best\u00e4tigt, die Sanktionsbelehrung versehentlich aufgedruckt wurde.*<br \/>\n*Die Arbeitsgemeinschaft f\u00fcr Arbeitnehmerfragen Unterbezirk Vorderpfalz  fordert eine Gesetzes\u00e4nderung in dieser Frage nun in einem Brief an die  Bundesministerin Andrea Nahles, Doris Barnett MdB und weitere Mitglieder  der SPD Bundes- und Landtagsfraktion.*<br \/>\n*AFA Vorsitzender Holger Scharff: \u201eVermittlungsangebote aus dem gesamten  Bereich des Rotlichtmilieus darf es von keiner Seite aus geben. Wenn es  wirklich rechtens ist, dass das Job Center solche Angebote einstellen  muss, dann muss dieses Gesetz oder Verordnung ge\u00e4ndert werden. Es darf  nicht sein, dass Vermittlungen ins Rotlichtmilieu durch die  Arbeitsagentur bearbeitet werden. \u201e* <\/p>\n\n<!-- Facebook Like Button v1.9.6 BEGIN [http:\/\/blog.bottomlessinc.com] -->\n<iframe src=\"http:\/\/www.facebook.com\/plugins\/like.php?href=http%3A%2F%2Fwww.rettet-den-sozialstaat.de%2F%3Fp%3D279&amp;layout=standard&amp;show_faces=false&amp;width=450&amp;action=like&amp;colorscheme=light\" scrolling=\"no\" frameborder=\"0\" allowTransparency=\"true\" style=\"border:none; overflow:hidden; width:450px; height: 30px; align: left; margin: 2px 0px 2px 0px\"><\/iframe>\n<!-- Facebook Like Button END -->\n","protected":false},"excerpt":{"rendered":"<p>*Arbeitsvermittlung \/ Rotlichtmilieu* ** *AFA Vorderpfalz:* *\u201e Keine Arbeitsvermittlung im Rotlichtmilieu \u201c* ** *Zur Berichterstattung in der Presse \u00fcber das Jobangebot an eine Frau ins Rotlichtmilieu erkl\u00e4rt der Unterbezirksvorsitzende der Arbeitsgemeinschaft f\u00fcr Arbeitnehmerfragen in der SPD Unterbezirk Vorderpfalz (AFA)Holger Scharff:* &hellip; <a href=\"http:\/\/www.rettet-den-sozialstaat.de\/?p=279\">Weiterlesen <span class=\"meta-nav\">&rarr;<\/span><\/a><\/p>\n","protected":false},"author":2,"featured_media":0,"comment_status":"closed","ping_status":"open","sticky":false,"template":"","format":"standard","meta":{"footnotes":""},"categories":[1],"tags":[],"class_list":["post-279","post","type-post","status-publish","format-standard","hentry","category-allgemein"],"_links":{"self":[{"href":"http:\/\/www.rettet-den-sozialstaat.de\/index.php?rest_route=\/wp\/v2\/posts\/279","targetHints":{"allow":["GET"]}}],"collection":[{"href":"http:\/\/www.rettet-den-sozialstaat.de\/index.php?rest_route=\/wp\/v2\/posts"}],"about":[{"href":"http:\/\/www.rettet-den-sozialstaat.de\/index.php?rest_route=\/wp\/v2\/types\/post"}],"author":[{"embeddable":true,"href":"http:\/\/www.rettet-den-sozialstaat.de\/index.php?rest_route=\/wp\/v2\/users\/2"}],"replies":[{"embeddable":true,"href":"http:\/\/www.rettet-den-sozialstaat.de\/index.php?rest_route=%2Fwp%2Fv2%2Fcomments&post=279"}],"version-history":[{"count":0,"href":"http:\/\/www.rettet-den-sozialstaat.de\/index.php?rest_route=\/wp\/v2\/posts\/279\/revisions"}],"wp:attachment":[{"href":"http:\/\/www.rettet-den-sozialstaat.de\/index.php?rest_route=%2Fwp%2Fv2%2Fmedia&parent=279"}],"wp:term":[{"taxonomy":"category","embeddable":true,"href":"http:\/\/www.rettet-den-sozialstaat.de\/index.php?rest_route=%2Fwp%2Fv2%2Fcategories&post=279"},{"taxonomy":"post_tag","embeddable":true,"href":"http:\/\/www.rettet-den-sozialstaat.de\/index.php?rest_route=%2Fwp%2Fv2%2Ftags&post=279"}],"curies":[{"name":"wp","href":"https:\/\/api.w.org\/{rel}","templated":true}]}}