{"id":91,"date":"2011-06-05T16:25:39","date_gmt":"2011-06-05T14:25:39","guid":{"rendered":"http:\/\/www.rettet-den-sozialstaat.de\/archives\/91"},"modified":"2011-06-05T16:25:39","modified_gmt":"2011-06-05T14:25:39","slug":"keine-mehrkosten-fur-patienten-2","status":"publish","type":"post","link":"http:\/\/www.rettet-den-sozialstaat.de\/?p=91","title":{"rendered":"Keine Mehrkosten f\u00fcr Patienten"},"content":{"rendered":"\n<!-- Facebook Like Button v1.9.6 BEGIN [http:\/\/blog.bottomlessinc.com] -->\n<iframe src=\"http:\/\/www.facebook.com\/plugins\/like.php?href=http%3A%2F%2Fwww.rettet-den-sozialstaat.de%2F%3Fp%3D91&amp;layout=standard&amp;show_faces=false&amp;width=450&amp;action=like&amp;colorscheme=light\" scrolling=\"no\" frameborder=\"0\" allowTransparency=\"true\" style=\"border:none; overflow:hidden; width:450px; height: 30px; align: left; margin: 2px 0px 2px 0px\"><\/iframe>\n<!-- Facebook Like Button END -->\n<p>*AWO und DPWV Ludwigshafen:*<\/p>\n<p>Holger Scharff: \u201e Forderungen der Kassen\u00e4rztlichen Vereinigung nach mehr<br \/>\nEigenleistung der Patienten ist unverantwortlich \u2013 Mehrkosten f\u00fcr<br \/>\nPatienten nicht verantwortbar\u201e<\/p>\n<p>Schon heute haben viele Menschen Angst, dass sie sich Gesundheit<br \/>\nfinanziell nicht mehr leisten k\u00f6nnen. Diese Angst wird durch solche<br \/>\nForderungen wie die von Frau Dr. Sigrid Ultes-Kaiser \u2013 Patienten sollen<br \/>\nbei jedem Arztbesuch eine Eigenleistung der Rechnung von 5 % zahlen \u2013<br \/>\nnoch zus\u00e4tzlich gef\u00f6rdert so der Vorsitzende von AWO und Parit\u00e4t<br \/>\nLudwigshafen Holger Scharff.<\/p>\n<p>Es ist auch geradezu ein Frechheit dies mit der Feststellung zu<br \/>\nbegr\u00fcnden \u201e B\u00fcrger m\u00fcssen ernst genommen werden \u201e so Scharff weiter.<\/p>\n<p>Die Belastungen der Patienten mit Eigenleistungen im Krankheitsfalle<br \/>\nsind an einem Punkt angekommen wo sie bei jedem weiteren Euro<br \/>\nexistenziell werden k\u00f6nnen und ein Arztbesuch aus finanziellen Gr\u00fcnden<br \/>\nnicht mehr gemacht wird. Daher ist die Aussage mit den Mehrkosten erh\u00f6ht<br \/>\nman auch die Verantwortung der Patienten zynisch und verantwortungslos<br \/>\nso Scharff.<\/p>\n<p>Holger Scharff: \u201e Solche Standesvertreter schaden dem gesamten Ruf der<br \/>\n\u00c4rzteschaft und sollten m\u00f6glichst schnell abgel\u00f6st werden. Schon heute<br \/>\nzahlen die Patienten trotz Krankenversicherung viel Geld noch zus\u00e4tzlich<br \/>\nund schon heute \u00fcberlegen sich viele Patienten, ob sie sich gewissen<br \/>\nLeistungen f\u00fcr ihre Gesundheit noch leisten und bezahlen k\u00f6nnen. Es<br \/>\nreicht jetzt Frau Dr. Sigrid Ultes \u2013 Kaiser. \u201e<\/p>\n\n<!-- Facebook Like Button v1.9.6 BEGIN [http:\/\/blog.bottomlessinc.com] -->\n<iframe src=\"http:\/\/www.facebook.com\/plugins\/like.php?href=http%3A%2F%2Fwww.rettet-den-sozialstaat.de%2F%3Fp%3D91&amp;layout=standard&amp;show_faces=false&amp;width=450&amp;action=like&amp;colorscheme=light\" scrolling=\"no\" frameborder=\"0\" allowTransparency=\"true\" style=\"border:none; overflow:hidden; width:450px; height: 30px; align: left; margin: 2px 0px 2px 0px\"><\/iframe>\n<!-- Facebook Like Button END -->\n","protected":false},"excerpt":{"rendered":"<p>*AWO und DPWV Ludwigshafen:* Holger Scharff: \u201e Forderungen der Kassen\u00e4rztlichen Vereinigung nach mehr Eigenleistung der Patienten ist unverantwortlich \u2013 Mehrkosten f\u00fcr Patienten nicht verantwortbar\u201e Schon heute haben viele Menschen Angst, dass sie sich Gesundheit finanziell nicht mehr leisten k\u00f6nnen. Diese &hellip; <a href=\"http:\/\/www.rettet-den-sozialstaat.de\/?p=91\">Weiterlesen <span class=\"meta-nav\">&rarr;<\/span><\/a><\/p>\n","protected":false},"author":2,"featured_media":0,"comment_status":"open","ping_status":"open","sticky":false,"template":"","format":"standard","meta":{"footnotes":""},"categories":[1],"tags":[],"class_list":["post-91","post","type-post","status-publish","format-standard","hentry","category-allgemein"],"_links":{"self":[{"href":"http:\/\/www.rettet-den-sozialstaat.de\/index.php?rest_route=\/wp\/v2\/posts\/91","targetHints":{"allow":["GET"]}}],"collection":[{"href":"http:\/\/www.rettet-den-sozialstaat.de\/index.php?rest_route=\/wp\/v2\/posts"}],"about":[{"href":"http:\/\/www.rettet-den-sozialstaat.de\/index.php?rest_route=\/wp\/v2\/types\/post"}],"author":[{"embeddable":true,"href":"http:\/\/www.rettet-den-sozialstaat.de\/index.php?rest_route=\/wp\/v2\/users\/2"}],"replies":[{"embeddable":true,"href":"http:\/\/www.rettet-den-sozialstaat.de\/index.php?rest_route=%2Fwp%2Fv2%2Fcomments&post=91"}],"version-history":[{"count":0,"href":"http:\/\/www.rettet-den-sozialstaat.de\/index.php?rest_route=\/wp\/v2\/posts\/91\/revisions"}],"wp:attachment":[{"href":"http:\/\/www.rettet-den-sozialstaat.de\/index.php?rest_route=%2Fwp%2Fv2%2Fmedia&parent=91"}],"wp:term":[{"taxonomy":"category","embeddable":true,"href":"http:\/\/www.rettet-den-sozialstaat.de\/index.php?rest_route=%2Fwp%2Fv2%2Fcategories&post=91"},{"taxonomy":"post_tag","embeddable":true,"href":"http:\/\/www.rettet-den-sozialstaat.de\/index.php?rest_route=%2Fwp%2Fv2%2Ftags&post=91"}],"curies":[{"name":"wp","href":"https:\/\/api.w.org\/{rel}","templated":true}]}}