{"id":93,"date":"2011-06-23T17:05:03","date_gmt":"2011-06-23T15:05:03","guid":{"rendered":"http:\/\/www.rettet-den-sozialstaat.de\/archives\/93"},"modified":"2011-06-23T17:05:03","modified_gmt":"2011-06-23T15:05:03","slug":"fachkraftemangel","status":"publish","type":"post","link":"http:\/\/www.rettet-den-sozialstaat.de\/?p=93","title":{"rendered":"Fachkr\u00e4ftemangel"},"content":{"rendered":"\n<!-- Facebook Like Button v1.9.6 BEGIN [http:\/\/blog.bottomlessinc.com] -->\n<iframe src=\"http:\/\/www.facebook.com\/plugins\/like.php?href=http%3A%2F%2Fwww.rettet-den-sozialstaat.de%2F%3Fp%3D93&amp;layout=standard&amp;show_faces=false&amp;width=450&amp;action=like&amp;colorscheme=light\" scrolling=\"no\" frameborder=\"0\" allowTransparency=\"true\" style=\"border:none; overflow:hidden; width:450px; height: 30px; align: left; margin: 2px 0px 2px 0px\"><\/iframe>\n<!-- Facebook Like Button END -->\n<p>*AWO Stadtkreisvorsitzender Holger Scharff:<br \/>\n\u201e Fachkr\u00e4ftemangel besteht auch unterhalb von 40.000 E uro<br \/>\nJahresverdienst \u201e*<\/p>\n<p>\u201eDie deutsche Wirtschaft ben\u00f6tigt nicht nur \u00c4rzte und Ingenieure\u201c,<br \/>\nerkl\u00e4rt der AWO Stadtkreisvorsitzende Holger Scharff angesichts des<br \/>\ngestern vom Bundeskabinett verabschiedeten Konzeptes zur<br \/>\nFachkr\u00e4ftesicherung. Fachkr\u00e4ftemangel besteht nicht nur im Bereich der<br \/>\nHochqualifizierten Besch\u00e4ftigten.<\/p>\n<p>\u201eAusgebildete Altenpfleger und Erzieher, die wir h\u00e4nderingend suchen,<br \/>\nverdienen selten mehr als 40.000 Euro im Jahr. Der deutsche Arbeitsmarkt<br \/>\nmuss sich aber auch f\u00fcr diese Fachkr\u00e4fte \u00f6ffnen\u201c, fordert Holger<br \/>\nScharff. Deshalb geht das Vorhaben, das Mindesteinkommen, das<br \/>\nHochqualifizierte aus dem Ausland vorweisen m\u00fcssen, um ein<br \/>\nDaueraufenthaltsrecht zu bekommen, auf 40.000 Euro Jahresverdienst<br \/>\nabzusenken, am wirklichen Bedarf vorbei.<\/p>\n<p>Die Abschaffung des so genannten Vorrangprinzips f\u00fcr einzelne Berufe ist<br \/>\nein kleiner Baustein zur \u00d6ffnung des Arbeitsmarktes f\u00fcr ausl\u00e4ndische<br \/>\nFachkr\u00e4fte, reicht aber lange nicht aus. \u201eWenn die Verantwortlichen in<br \/>\nder Politik den Fachkr\u00e4ftemangel ernsthaft in Angriff nehmen will, dann<br \/>\ndarf dies nicht von unrealistischen Jahresgeh\u00e4ltern abh\u00e4ngig gemacht<br \/>\nwerden\u201c, erkl\u00e4rt Scharff. Vielmehr sollte die Politik es den in<br \/>\nDeutschland lebenden Einwanderern endlich erm\u00f6glichen, ihre berufliche<br \/>\nQualifikation und Kompetenz im hiesigen Arbeitsmarkt nutzen zu k\u00f6nnen.<\/p>\n<p>\u201eDas Gesetz zur Anerkennung von ausl\u00e4ndischen Abschl\u00fcssen, das im M\u00e4rz<br \/>\ndieses Jahres auf den Weg gebracht wurde, muss z\u00fcgig umgesetzt werden,<br \/>\ndamit wir die Kenntnisse und F\u00e4higkeiten der Hochqualifizierten Menschen<br \/>\nin Deutschland als Fachkraft f\u00fcr Morgen optimal einsetzen k\u00f6nnen\u201c,<br \/>\nbetont Scharff abschlie\u00dfend.<\/p>\n\n<!-- Facebook Like Button v1.9.6 BEGIN [http:\/\/blog.bottomlessinc.com] -->\n<iframe src=\"http:\/\/www.facebook.com\/plugins\/like.php?href=http%3A%2F%2Fwww.rettet-den-sozialstaat.de%2F%3Fp%3D93&amp;layout=standard&amp;show_faces=false&amp;width=450&amp;action=like&amp;colorscheme=light\" scrolling=\"no\" frameborder=\"0\" allowTransparency=\"true\" style=\"border:none; overflow:hidden; width:450px; height: 30px; align: left; margin: 2px 0px 2px 0px\"><\/iframe>\n<!-- Facebook Like Button END -->\n","protected":false},"excerpt":{"rendered":"<p>*AWO Stadtkreisvorsitzender Holger Scharff: \u201e Fachkr\u00e4ftemangel besteht auch unterhalb von 40.000 E uro Jahresverdienst \u201e* \u201eDie deutsche Wirtschaft ben\u00f6tigt nicht nur \u00c4rzte und Ingenieure\u201c, erkl\u00e4rt der AWO Stadtkreisvorsitzende Holger Scharff angesichts des gestern vom Bundeskabinett verabschiedeten Konzeptes zur Fachkr\u00e4ftesicherung. Fachkr\u00e4ftemangel &hellip; <a href=\"http:\/\/www.rettet-den-sozialstaat.de\/?p=93\">Weiterlesen <span class=\"meta-nav\">&rarr;<\/span><\/a><\/p>\n","protected":false},"author":2,"featured_media":0,"comment_status":"open","ping_status":"open","sticky":false,"template":"","format":"standard","meta":{"footnotes":""},"categories":[1],"tags":[],"class_list":["post-93","post","type-post","status-publish","format-standard","hentry","category-allgemein"],"_links":{"self":[{"href":"http:\/\/www.rettet-den-sozialstaat.de\/index.php?rest_route=\/wp\/v2\/posts\/93","targetHints":{"allow":["GET"]}}],"collection":[{"href":"http:\/\/www.rettet-den-sozialstaat.de\/index.php?rest_route=\/wp\/v2\/posts"}],"about":[{"href":"http:\/\/www.rettet-den-sozialstaat.de\/index.php?rest_route=\/wp\/v2\/types\/post"}],"author":[{"embeddable":true,"href":"http:\/\/www.rettet-den-sozialstaat.de\/index.php?rest_route=\/wp\/v2\/users\/2"}],"replies":[{"embeddable":true,"href":"http:\/\/www.rettet-den-sozialstaat.de\/index.php?rest_route=%2Fwp%2Fv2%2Fcomments&post=93"}],"version-history":[{"count":0,"href":"http:\/\/www.rettet-den-sozialstaat.de\/index.php?rest_route=\/wp\/v2\/posts\/93\/revisions"}],"wp:attachment":[{"href":"http:\/\/www.rettet-den-sozialstaat.de\/index.php?rest_route=%2Fwp%2Fv2%2Fmedia&parent=93"}],"wp:term":[{"taxonomy":"category","embeddable":true,"href":"http:\/\/www.rettet-den-sozialstaat.de\/index.php?rest_route=%2Fwp%2Fv2%2Fcategories&post=93"},{"taxonomy":"post_tag","embeddable":true,"href":"http:\/\/www.rettet-den-sozialstaat.de\/index.php?rest_route=%2Fwp%2Fv2%2Ftags&post=93"}],"curies":[{"name":"wp","href":"https:\/\/api.w.org\/{rel}","templated":true}]}}