{"id":97,"date":"2011-07-30T14:56:01","date_gmt":"2011-07-30T12:56:01","guid":{"rendered":"http:\/\/www.rettet-den-sozialstaat.de\/archives\/97"},"modified":"2011-07-30T14:56:01","modified_gmt":"2011-07-30T12:56:01","slug":"keine-ersatz-zivis","status":"publish","type":"post","link":"http:\/\/www.rettet-den-sozialstaat.de\/?p=97","title":{"rendered":"Keine Ersatz Zivis"},"content":{"rendered":"\n<!-- Facebook Like Button v1.9.6 BEGIN [http:\/\/blog.bottomlessinc.com] -->\n<iframe src=\"http:\/\/www.facebook.com\/plugins\/like.php?href=http%3A%2F%2Fwww.rettet-den-sozialstaat.de%2F%3Fp%3D97&amp;layout=standard&amp;show_faces=false&amp;width=450&amp;action=like&amp;colorscheme=light\" scrolling=\"no\" frameborder=\"0\" allowTransparency=\"true\" style=\"border:none; overflow:hidden; width:450px; height: 30px; align: left; margin: 2px 0px 2px 0px\"><\/iframe>\n<!-- Facebook Like Button END -->\n<p>*Holger Scharff:\u201eHartz-IV-Empf\u00e4nger sind keine Ersatz-Zivis\u201c*<\/p>\n<p>\u201eEs kann nicht sein, dass Hartz-IV-Empf\u00e4nger f\u00fcr die<br \/>\nAnlaufschwierigkeitendes neuen Bundesfreiwilligendienstes gerade stehen<br \/>\nm\u00fcssen\u201c, kritisiert AWO Stadtkreisvorsitzender Holger Scharffden<br \/>\naktuellen Vorsto\u00df einzelner Mitglieder der CDU\/CSU-Bundestagsfraktion,<br \/>\ndie Hartz-IV-Bezieher zwangsweise f\u00fcr T\u00e4tigkeiten in Alten-,<br \/>\nPflegeheimen und Krankenh\u00e4usern heranziehen wollen. \u201eMan kann nicht f\u00fcr<br \/>\neine zugewandte qualit\u00e4tsvolle Pflege sein und gleichzeitig Menschen<br \/>\ngegen ihren Willen hier einsetzen\u201c, betont Scharff.<\/p>\n<p>\u201eEs ist Aufgabe der Bundesregierung Menschen ohne Arbeit gem\u00e4\u00df ihren<br \/>\nF\u00e4higkeiten und Bed\u00fcrfnissen zu unterst\u00fctzen, damit sie m\u00f6glichst<br \/>\nschnell wieder in sozialversicherte Besch\u00e4ftigung kommen\u201c, erkl\u00e4rt<br \/>\nScharff. Der Wegfall des Zivildienstes sei \u201ezweifellos eine gro\u00dfe<br \/>\nHerausforderung\u201c, der aber nicht dadurch begegnet werden d\u00fcrfe, \u201edass<br \/>\nder neue Freiwilligendienst als Arbeitsmarktinstrument begriffen werde,<br \/>\nin das Menschen im Hartz IV-Bezug wom\u00f6glich auch noch unter der<br \/>\nAndrohung von Sanktionen hineingezwungen werden\u201c, so Scharff.Eine solche<br \/>\nDiskussion gehe einmal mehr zu Lasten der Menschen, die auf Hartz<br \/>\nIV-Leistungen angewiesen sind.<\/p>\n<p>Insbesondere vor dem Hintergrund des Fachkraftmangels in der Pflege,<br \/>\nm\u00fcsse darauf geachtet werden, dass \u201eder Pflegebereich ein sehr sensibler<br \/>\nBereich ist und hohe Anforderungen an die Qualifikation und Motivation<br \/>\nk\u00fcnftiger Besch\u00e4ftigter stellt\u201c, so Scharffabschlie\u00dfend.<\/p>\n<p>**<\/p>\n\n<!-- Facebook Like Button v1.9.6 BEGIN [http:\/\/blog.bottomlessinc.com] -->\n<iframe src=\"http:\/\/www.facebook.com\/plugins\/like.php?href=http%3A%2F%2Fwww.rettet-den-sozialstaat.de%2F%3Fp%3D97&amp;layout=standard&amp;show_faces=false&amp;width=450&amp;action=like&amp;colorscheme=light\" scrolling=\"no\" frameborder=\"0\" allowTransparency=\"true\" style=\"border:none; overflow:hidden; width:450px; height: 30px; align: left; margin: 2px 0px 2px 0px\"><\/iframe>\n<!-- Facebook Like Button END -->\n","protected":false},"excerpt":{"rendered":"<p>*Holger Scharff:\u201eHartz-IV-Empf\u00e4nger sind keine Ersatz-Zivis\u201c* \u201eEs kann nicht sein, dass Hartz-IV-Empf\u00e4nger f\u00fcr die Anlaufschwierigkeitendes neuen Bundesfreiwilligendienstes gerade stehen m\u00fcssen\u201c, kritisiert AWO Stadtkreisvorsitzender Holger Scharffden aktuellen Vorsto\u00df einzelner Mitglieder der CDU\/CSU-Bundestagsfraktion, die Hartz-IV-Bezieher zwangsweise f\u00fcr T\u00e4tigkeiten in Alten-, Pflegeheimen und Krankenh\u00e4usern &hellip; <a href=\"http:\/\/www.rettet-den-sozialstaat.de\/?p=97\">Weiterlesen <span class=\"meta-nav\">&rarr;<\/span><\/a><\/p>\n","protected":false},"author":2,"featured_media":0,"comment_status":"open","ping_status":"open","sticky":false,"template":"","format":"standard","meta":{"footnotes":""},"categories":[1],"tags":[],"class_list":["post-97","post","type-post","status-publish","format-standard","hentry","category-allgemein"],"_links":{"self":[{"href":"http:\/\/www.rettet-den-sozialstaat.de\/index.php?rest_route=\/wp\/v2\/posts\/97","targetHints":{"allow":["GET"]}}],"collection":[{"href":"http:\/\/www.rettet-den-sozialstaat.de\/index.php?rest_route=\/wp\/v2\/posts"}],"about":[{"href":"http:\/\/www.rettet-den-sozialstaat.de\/index.php?rest_route=\/wp\/v2\/types\/post"}],"author":[{"embeddable":true,"href":"http:\/\/www.rettet-den-sozialstaat.de\/index.php?rest_route=\/wp\/v2\/users\/2"}],"replies":[{"embeddable":true,"href":"http:\/\/www.rettet-den-sozialstaat.de\/index.php?rest_route=%2Fwp%2Fv2%2Fcomments&post=97"}],"version-history":[{"count":0,"href":"http:\/\/www.rettet-den-sozialstaat.de\/index.php?rest_route=\/wp\/v2\/posts\/97\/revisions"}],"wp:attachment":[{"href":"http:\/\/www.rettet-den-sozialstaat.de\/index.php?rest_route=%2Fwp%2Fv2%2Fmedia&parent=97"}],"wp:term":[{"taxonomy":"category","embeddable":true,"href":"http:\/\/www.rettet-den-sozialstaat.de\/index.php?rest_route=%2Fwp%2Fv2%2Fcategories&post=97"},{"taxonomy":"post_tag","embeddable":true,"href":"http:\/\/www.rettet-den-sozialstaat.de\/index.php?rest_route=%2Fwp%2Fv2%2Ftags&post=97"}],"curies":[{"name":"wp","href":"https:\/\/api.w.org\/{rel}","templated":true}]}}